{"id":91,"date":"2020-05-13T08:15:00","date_gmt":"2020-05-13T08:15:00","guid":{"rendered":"http:\/\/xn--spd-schillingsfrst-06b.de\/?p=91"},"modified":"2020-05-13T08:20:48","modified_gmt":"2020-05-13T08:20:48","slug":"herbert-seidel-ist-wiedergewaehlt-zum-zweiten-buergermeister","status":"publish","type":"post","link":"https:\/\/xn--spd-schillingsfrst-06b.de\/?p=91","title":{"rendered":"Herbert Seidel ist wiedergew\u00e4hlt zum zweiten B\u00fcrgermeister"},"content":{"rendered":"\n<figure class=\"wp-block-image size-large\"><img loading=\"lazy\" decoding=\"async\" width=\"1024\" height=\"843\" src=\"http:\/\/xn--spd-schillingsfrst-06b.de\/wp-content\/uploads\/2020\/05\/herbertseidelzweiterbgm-1024x843.jpg\" alt=\"\" class=\"wp-image-92\" srcset=\"https:\/\/xn--spd-schillingsfrst-06b.de\/wp-content\/uploads\/2020\/05\/herbertseidelzweiterbgm-1024x843.jpg 1024w, https:\/\/xn--spd-schillingsfrst-06b.de\/wp-content\/uploads\/2020\/05\/herbertseidelzweiterbgm-300x247.jpg 300w, https:\/\/xn--spd-schillingsfrst-06b.de\/wp-content\/uploads\/2020\/05\/herbertseidelzweiterbgm-768x632.jpg 768w, https:\/\/xn--spd-schillingsfrst-06b.de\/wp-content\/uploads\/2020\/05\/herbertseidelzweiterbgm-1536x1264.jpg 1536w, https:\/\/xn--spd-schillingsfrst-06b.de\/wp-content\/uploads\/2020\/05\/herbertseidelzweiterbgm.jpg 1796w\" sizes=\"auto, (max-width: 767px) 89vw, (max-width: 1000px) 54vw, (max-width: 1071px) 543px, 580px\" \/><figcaption>Die SPD Schillingsf\u00fcrst freut sich \u00fcber die Wiederwahl von Herbert Seidel zum zweiten B\u00fcrgermeister von Schillingsf\u00fcrst. Das er von allen drei Fraktionen vorgeschlagen wurde und einstimmig gew\u00e4hlt ist zeigt das er seine Sache gut gemacht hat. <br><a href=\"http:\/\/xn--spd-schillingsfrst-06b.de\/wp-content\/uploads\/2020\/05\/herbertseidelzweiterbgm.pdf\" target=\"_blank\" rel=\"noreferrer noopener\"><br>Hier kann der Zeitungsbericht der FLZ vom 13.05.2020 angesehen werden.<\/a><br><\/figcaption><\/figure>\n","protected":false},"excerpt":{"rendered":"","protected":false},"author":1,"featured_media":94,"comment_status":"open","ping_status":"open","sticky":false,"template":"","format":"standard","meta":{"footnotes":""},"categories":[1],"tags":[7,8,3,9],"class_list":["post-91","post","type-post","status-publish","format-standard","has-post-thumbnail","hentry","category-uncategorized","tag-2-buergermeister","tag-herbert-seidel","tag-schillingsfuerst","tag-spd-schillingsfuerst"],"_links":{"self":[{"href":"https:\/\/xn--spd-schillingsfrst-06b.de\/index.php?rest_route=\/wp\/v2\/posts\/91","targetHints":{"allow":["GET"]}}],"collection":[{"href":"https:\/\/xn--spd-schillingsfrst-06b.de\/index.php?rest_route=\/wp\/v2\/posts"}],"about":[{"href":"https:\/\/xn--spd-schillingsfrst-06b.de\/index.php?rest_route=\/wp\/v2\/types\/post"}],"author":[{"embeddable":true,"href":"https:\/\/xn--spd-schillingsfrst-06b.de\/index.php?rest_route=\/wp\/v2\/users\/1"}],"replies":[{"embeddable":true,"href":"https:\/\/xn--spd-schillingsfrst-06b.de\/index.php?rest_route=%2Fwp%2Fv2%2Fcomments&post=91"}],"version-history":[{"count":3,"href":"https:\/\/xn--spd-schillingsfrst-06b.de\/index.php?rest_route=\/wp\/v2\/posts\/91\/revisions"}],"predecessor-version":[{"id":97,"href":"https:\/\/xn--spd-schillingsfrst-06b.de\/index.php?rest_route=\/wp\/v2\/posts\/91\/revisions\/97"}],"wp:featuredmedia":[{"embeddable":true,"href":"https:\/\/xn--spd-schillingsfrst-06b.de\/index.php?rest_route=\/wp\/v2\/media\/94"}],"wp:attachment":[{"href":"https:\/\/xn--spd-schillingsfrst-06b.de\/index.php?rest_route=%2Fwp%2Fv2%2Fmedia&parent=91"}],"wp:term":[{"taxonomy":"category","embeddable":true,"href":"https:\/\/xn--spd-schillingsfrst-06b.de\/index.php?rest_route=%2Fwp%2Fv2%2Fcategories&post=91"},{"taxonomy":"post_tag","embeddable":true,"href":"https:\/\/xn--spd-schillingsfrst-06b.de\/index.php?rest_route=%2Fwp%2Fv2%2Ftags&post=91"}],"curies":[{"name":"wp","href":"https:\/\/api.w.org\/{rel}","templated":true}]}}