{"id":63,"date":"2020-02-22T08:41:44","date_gmt":"2020-02-22T08:41:44","guid":{"rendered":"http:\/\/xn--spd-schillingsfrst-06b.de\/?p=63"},"modified":"2020-02-22T16:08:09","modified_gmt":"2020-02-22T16:08:09","slug":"spatenstich-fuer-den-neubau-des-feuerwehrgeraetehauses-in-schillingsfuerst","status":"publish","type":"post","link":"https:\/\/xn--spd-schillingsfrst-06b.de\/?p=63","title":{"rendered":"Spatenstich f\u00fcr den Neubau des Feuerwehrger\u00e4tehauses in Schillingsf\u00fcrst"},"content":{"rendered":"\n<figure class=\"wp-block-image\"><img loading=\"lazy\" decoding=\"async\" width=\"1024\" height=\"400\" src=\"http:\/\/xn--spd-schillingsfrst-06b.de\/wp-content\/uploads\/2020\/02\/WhatsApp-Image-2020-02-21-at-17.24.42-1024x400.jpeg\" alt=\"\" class=\"wp-image-64\" srcset=\"https:\/\/xn--spd-schillingsfrst-06b.de\/wp-content\/uploads\/2020\/02\/WhatsApp-Image-2020-02-21-at-17.24.42-1024x400.jpeg 1024w, https:\/\/xn--spd-schillingsfrst-06b.de\/wp-content\/uploads\/2020\/02\/WhatsApp-Image-2020-02-21-at-17.24.42-300x117.jpeg 300w, https:\/\/xn--spd-schillingsfrst-06b.de\/wp-content\/uploads\/2020\/02\/WhatsApp-Image-2020-02-21-at-17.24.42-768x300.jpeg 768w, https:\/\/xn--spd-schillingsfrst-06b.de\/wp-content\/uploads\/2020\/02\/WhatsApp-Image-2020-02-21-at-17.24.42.jpeg 1600w\" sizes=\"auto, (max-width: 767px) 89vw, (max-width: 1000px) 54vw, (max-width: 1071px) 543px, 580px\" \/><figcaption>Spatenstich zum Feuerwehrger\u00e4tehaus in Schillingsf\u00fcrst<\/figcaption><\/figure>\n\n\n\n<h2 class=\"wp-block-heading\">Am Freitag, 21.02.2020 fand der Spatenstich zum neuen Feuerwehrger\u00e4tehaus in Schillingsf\u00fcrst statt. <br>2. B\u00fcrgermeister Herbert Seidel freute sich, dass jetzt der Startschuss f\u00fcr das Feuerwehrhaus gefallen ist, f\u00fcr das er schon seit 10 Jahren k\u00e4mpft. Die Kanditatinnen und Kanditaten der SPD &#8211; Liste waren beim Festakt anwesend.<\/h2>\n","protected":false},"excerpt":{"rendered":"<p>Am Freitag, 21.02.2020 fand der Spatenstich zum neuen Feuerwehrger\u00e4tehaus in Schillingsf\u00fcrst statt. 2. B\u00fcrgermeister Herbert Seidel freute sich, dass jetzt der Startschuss f\u00fcr das Feuerwehrhaus gefallen ist, f\u00fcr das er schon seit 10 Jahren k\u00e4mpft. Die Kanditatinnen und Kanditaten der SPD &#8211; Liste waren beim Festakt anwesend.<\/p>\n","protected":false},"author":1,"featured_media":0,"comment_status":"open","ping_status":"open","sticky":false,"template":"","format":"standard","meta":{"footnotes":""},"categories":[1],"tags":[],"class_list":["post-63","post","type-post","status-publish","format-standard","hentry","category-uncategorized"],"_links":{"self":[{"href":"https:\/\/xn--spd-schillingsfrst-06b.de\/index.php?rest_route=\/wp\/v2\/posts\/63","targetHints":{"allow":["GET"]}}],"collection":[{"href":"https:\/\/xn--spd-schillingsfrst-06b.de\/index.php?rest_route=\/wp\/v2\/posts"}],"about":[{"href":"https:\/\/xn--spd-schillingsfrst-06b.de\/index.php?rest_route=\/wp\/v2\/types\/post"}],"author":[{"embeddable":true,"href":"https:\/\/xn--spd-schillingsfrst-06b.de\/index.php?rest_route=\/wp\/v2\/users\/1"}],"replies":[{"embeddable":true,"href":"https:\/\/xn--spd-schillingsfrst-06b.de\/index.php?rest_route=%2Fwp%2Fv2%2Fcomments&post=63"}],"version-history":[{"count":2,"href":"https:\/\/xn--spd-schillingsfrst-06b.de\/index.php?rest_route=\/wp\/v2\/posts\/63\/revisions"}],"predecessor-version":[{"id":69,"href":"https:\/\/xn--spd-schillingsfrst-06b.de\/index.php?rest_route=\/wp\/v2\/posts\/63\/revisions\/69"}],"wp:attachment":[{"href":"https:\/\/xn--spd-schillingsfrst-06b.de\/index.php?rest_route=%2Fwp%2Fv2%2Fmedia&parent=63"}],"wp:term":[{"taxonomy":"category","embeddable":true,"href":"https:\/\/xn--spd-schillingsfrst-06b.de\/index.php?rest_route=%2Fwp%2Fv2%2Fcategories&post=63"},{"taxonomy":"post_tag","embeddable":true,"href":"https:\/\/xn--spd-schillingsfrst-06b.de\/index.php?rest_route=%2Fwp%2Fv2%2Ftags&post=63"}],"curies":[{"name":"wp","href":"https:\/\/api.w.org\/{rel}","templated":true}]}}