{"id":102,"date":"2026-01-10T11:38:06","date_gmt":"2026-01-10T10:38:06","guid":{"rendered":"https:\/\/xn--spd-schillingsfrst-06b.de\/?p=102"},"modified":"2026-01-10T11:38:06","modified_gmt":"2026-01-10T10:38:06","slug":"spd-startet-wahlkampf-mit-kandiatenliste-fuer-den-schillingsfuerst-stadtrat","status":"publish","type":"post","link":"https:\/\/xn--spd-schillingsfrst-06b.de\/?p=102","title":{"rendered":"SPD startet Wahlkampf mit Kandiatenliste f\u00fcr den Schillingsf\u00fcrst Stadtrat"},"content":{"rendered":"\n<p>Die SPD Schillingsf\u00fcrst hat ihre Liste f\u00fcr die kommende Stadtratswahl aufgestellt. Insgesamt 14 engagierte B\u00fcrgerinnen und B\u00fcrger sowie ein Ersatzkandidat wollen sich im M\u00e4rz zur Wahl stellen und mit neuen Ideen Verantwortung f\u00fcr die Zukunft der Stadt \u00fcbernehmen.<\/p>\n\n\n\n<figure class=\"wp-block-image size-large\"><img loading=\"lazy\" decoding=\"async\" width=\"1024\" height=\"683\" src=\"http:\/\/xn--spd-schillingsfrst-06b.de\/wp-content\/uploads\/2026\/01\/DSC_3793-1024x683.jpg\" alt=\"Die Kanditaten der SPD-Schillingsf\u00fcrst f\u00fcr die Stadtratswahl zum Stadtrat der Stadt Schillingsf\u00fcrst am 08.03.2026\" class=\"wp-image-101\" srcset=\"https:\/\/xn--spd-schillingsfrst-06b.de\/wp-content\/uploads\/2026\/01\/DSC_3793-1024x683.jpg 1024w, https:\/\/xn--spd-schillingsfrst-06b.de\/wp-content\/uploads\/2026\/01\/DSC_3793-300x200.jpg 300w, https:\/\/xn--spd-schillingsfrst-06b.de\/wp-content\/uploads\/2026\/01\/DSC_3793-768x512.jpg 768w, https:\/\/xn--spd-schillingsfrst-06b.de\/wp-content\/uploads\/2026\/01\/DSC_3793-1536x1024.jpg 1536w, https:\/\/xn--spd-schillingsfrst-06b.de\/wp-content\/uploads\/2026\/01\/DSC_3793-2048x1365.jpg 2048w\" sizes=\"auto, (max-width: 767px) 89vw, (max-width: 1000px) 54vw, (max-width: 1071px) 543px, 580px\" \/><\/figure>\n\n\n\n<p>Im Vorfeld hatte es Gespr\u00e4che \u00fcber eine m\u00f6gliche gemeinsame Liste mit CSU und Freien W\u00e4hlern gegeben. Diese f\u00fchrten jedoch aus unterschiedlichen Gr\u00fcnden nicht zu einem gemeinsamen Ergebnis. Ein wichtiger Faktor dabei war, dass CSU und Freie W\u00e4hler bereits eigene Bewerber f\u00fcr die B\u00fcrgermeisterwahl ausgerufen hatten.<\/p>\n\n\n\n<p>Trotzdem betont die SPD Schillingsf\u00fcrst, dass es den Kandidatinnen und Kandidaten <strong>nicht um parteipolitische Abgrenzung, sondern um Zusammenarbeit gehe. \u201eWir wollen an L\u00f6sungen arbeiten, nicht an Trennlinien\u201c<\/strong>, so das Fazit aus der Nominierungsversammlung. Alle Bewerberinnen und Bewerber der SPD-Liste sind \u00fcberzeugt, dass kommunale Verantwortung immer Kompromissbereitschaft erfordert \u2013 unabh\u00e4ngig davon, wer am Ende das B\u00fcrgermeisteramt innehat.<\/p>\n\n\n\n<p>Inhaltlich gibt es bereits einige Schwerpunkte, auf die sich die SPD-Kandidatinnen und -Kandidaten geeinigt haben:<\/p>\n\n\n\n<ol start=\"1\" class=\"wp-block-list\">\n<li><strong>Wichtige Infrastrukturprojekte voranbringen.<\/strong> Dazu z\u00e4hlen insbesondere die Erneuerung des Kanalsystems und die Modernisierung der Kl\u00e4ranlage. Auch im Sanierungsgebiet der St\u00e4dtebauf\u00f6rderung sollen bestehende Ma\u00dfnahmen zielgerichtet abgeschlossen und Erweiterungsvorschl\u00e4ge gepr\u00fcft werden.<\/li>\n\n\n\n<li><strong>Zusammenarbeit in der Region st\u00e4rken.<\/strong> Nicht nur im Stadtrat, sondern auch in der Verwaltungsgemeinschaft und mit den Nachbarorten soll k\u00fcnftig enger kooperiert werden. Erfolgsprojekte wie die gemeinsame Schlauchpflege der Feuerwehren zeigen, dass Zusammenarbeit funktioniert. In Bereichen wie Wasserversorgung, Abwasser oder Bauh\u00f6fe sollen k\u00fcnftig Synergien genutzt und F\u00f6rderm\u00f6glichkeiten ausgesch\u00f6pft werden.<\/li>\n\n\n\n<li><strong>Sicherheitslage neu denken.<\/strong> Vor dem Hintergrund der ver\u00e4nderten weltweiten Sicherheitslage will die SPD pr\u00fcfen, was dies konkret f\u00fcr Schillingsf\u00fcrst bedeutet. Ziel ist es, rechtzeitig die n\u00f6tigen organisatorischen und infrastrukturellen Voraussetzungen zu schaffen.<\/li>\n<\/ol>\n\n\n\n<p>Diese drei Themen bilden Eckpfeiler des SPD-Programms f\u00fcr die Stadtratswahl. Die SPD Schillingsf\u00fcrst blickt optimistisch auf die anstehende Wahl \u2013 mit einer Liste, die Zusammenhalt, Sacharbeit und den Mut zu neuen Wegen in den Mittelpunkt stellt.<br><\/p>\n\n\n\n<p><\/p>\n","protected":false},"excerpt":{"rendered":"<p>Die SPD Schillingsf\u00fcrst hat ihre Liste f\u00fcr die kommende Stadtratswahl aufgestellt. Insgesamt 14 engagierte B\u00fcrgerinnen und B\u00fcrger sowie ein Ersatzkandidat wollen sich im M\u00e4rz zur Wahl stellen und mit neuen Ideen Verantwortung f\u00fcr die Zukunft der Stadt \u00fcbernehmen. Im Vorfeld hatte es Gespr\u00e4che \u00fcber eine m\u00f6gliche gemeinsame Liste mit CSU und Freien W\u00e4hlern gegeben. Diese &hellip; <\/p>\n<p class=\"link-more\"><a href=\"https:\/\/xn--spd-schillingsfrst-06b.de\/?p=102\" class=\"more-link\"><span class=\"screen-reader-text\">\u201eSPD startet Wahlkampf mit Kandiatenliste f\u00fcr den Schillingsf\u00fcrst Stadtrat\u201c <\/span>weiterlesen<\/a><\/p>\n","protected":false},"author":1,"featured_media":104,"comment_status":"open","ping_status":"open","sticky":false,"template":"","format":"standard","meta":{"footnotes":""},"categories":[1],"tags":[],"class_list":["post-102","post","type-post","status-publish","format-standard","has-post-thumbnail","hentry","category-uncategorized"],"_links":{"self":[{"href":"https:\/\/xn--spd-schillingsfrst-06b.de\/index.php?rest_route=\/wp\/v2\/posts\/102","targetHints":{"allow":["GET"]}}],"collection":[{"href":"https:\/\/xn--spd-schillingsfrst-06b.de\/index.php?rest_route=\/wp\/v2\/posts"}],"about":[{"href":"https:\/\/xn--spd-schillingsfrst-06b.de\/index.php?rest_route=\/wp\/v2\/types\/post"}],"author":[{"embeddable":true,"href":"https:\/\/xn--spd-schillingsfrst-06b.de\/index.php?rest_route=\/wp\/v2\/users\/1"}],"replies":[{"embeddable":true,"href":"https:\/\/xn--spd-schillingsfrst-06b.de\/index.php?rest_route=%2Fwp%2Fv2%2Fcomments&post=102"}],"version-history":[{"count":1,"href":"https:\/\/xn--spd-schillingsfrst-06b.de\/index.php?rest_route=\/wp\/v2\/posts\/102\/revisions"}],"predecessor-version":[{"id":103,"href":"https:\/\/xn--spd-schillingsfrst-06b.de\/index.php?rest_route=\/wp\/v2\/posts\/102\/revisions\/103"}],"wp:featuredmedia":[{"embeddable":true,"href":"https:\/\/xn--spd-schillingsfrst-06b.de\/index.php?rest_route=\/wp\/v2\/media\/104"}],"wp:attachment":[{"href":"https:\/\/xn--spd-schillingsfrst-06b.de\/index.php?rest_route=%2Fwp%2Fv2%2Fmedia&parent=102"}],"wp:term":[{"taxonomy":"category","embeddable":true,"href":"https:\/\/xn--spd-schillingsfrst-06b.de\/index.php?rest_route=%2Fwp%2Fv2%2Fcategories&post=102"},{"taxonomy":"post_tag","embeddable":true,"href":"https:\/\/xn--spd-schillingsfrst-06b.de\/index.php?rest_route=%2Fwp%2Fv2%2Ftags&post=102"}],"curies":[{"name":"wp","href":"https:\/\/api.w.org\/{rel}","templated":true}]}}